{"id":710,"date":"2019-01-12T22:29:47","date_gmt":"2019-01-12T22:29:47","guid":{"rendered":"http:\/\/stancforma.hu\/?p=710"},"modified":"2025-10-27T12:51:31","modified_gmt":"2025-10-27T11:51:31","slug":"we-established-stancforma-ltd","status":"publish","type":"post","link":"https:\/\/stancforma.hu\/?p=710&lang=en","title":{"rendered":"We established Stancforma Ltd."},"content":{"rendered":"<p>[et_pb_section fb_built=&#8221;1&#8243; _builder_version=&#8221;4.16&#8243; global_colors_info=&#8221;{}&#8221;][et_pb_row _builder_version=&#8221;4.16&#8243; background_size=&#8221;initial&#8221; background_position=&#8221;top_left&#8221; background_repeat=&#8221;repeat&#8221; global_colors_info=&#8221;{}&#8221;][et_pb_column type=&#8221;4_4&#8243; _builder_version=&#8221;4.16&#8243; custom_padding=&#8221;|||&#8221; global_colors_info=&#8221;{}&#8221; custom_padding__hover=&#8221;|||&#8221;][et_pb_image src=&#8221;http:\/\/stancforma.hu\/wp-content\/uploads\/2020\/02\/2001_budatranspack_512x238x.jpg&#8221; align_tablet=&#8221;center&#8221; align_phone=&#8221;&#8221; align_last_edited=&#8221;on|desktop&#8221; _builder_version=&#8221;4.16&#8243; transform_scale=&#8221;182%|182%&#8221; transform_translate=&#8221;259px|-48px&#8221; custom_margin=&#8221;144px|||||&#8221; animation_style=&#8221;fade&#8221; animation_speed_curve=&#8221;linear&#8221; locked=&#8221;off&#8221; global_colors_info=&#8221;{}&#8221;][\/et_pb_image][et_pb_testimonial quote_icon=&#8221;off&#8221; _builder_version=&#8221;4.16&#8243; min_height=&#8221;202px&#8221; custom_padding=&#8221;0px|||||&#8221; box_shadow_style=&#8221;preset2&#8243; box_shadow_horizontal=&#8221;-18px&#8221; locked=&#8221;off&#8221; global_colors_info=&#8221;{}&#8221;]<\/p>\n<p>&nbsp;<\/p>\n<h2>2001<\/h2>\n<p>&nbsp;<\/p>\n<p>-founding of the STANCFORMA LTD<\/p>\n<p>-first exhibition at BUDATRANSPACK<\/p>\n<p>[\/et_pb_testimonial][et_pb_text _builder_version=&#8221;4.16&#8243; global_colors_info=&#8221;{}&#8221;]<\/p>\n<h3>2001<\/h3>\n<p>This year, Stancforma Kft. was established, which has operated under the same name ever since. Another significant event of the year was our first representation at the most prestigious domestic exhibition of the packaging industry and logistics, Budatranspack.<\/p>\n<p>[\/et_pb_text][\/et_pb_column][\/et_pb_row][et_pb_row column_structure=&#8221;3_4,1_4&#8243; _builder_version=&#8221;4.16&#8243; background_size=&#8221;initial&#8221; background_position=&#8221;top_left&#8221; background_repeat=&#8221;repeat&#8221; global_colors_info=&#8221;{}&#8221;][et_pb_column type=&#8221;3_4&#8243; _builder_version=&#8221;4.16&#8243; custom_padding=&#8221;|||&#8221; global_colors_info=&#8221;{}&#8221; custom_padding__hover=&#8221;|||&#8221;][et_pb_divider _builder_version=&#8221;4.16&#8243; global_colors_info=&#8221;{}&#8221;][\/et_pb_divider][et_pb_testimonial author=&#8221;Gy\u00f6ngyi Majern\u00e9 De\u00e1k\u00a0&#8221; job_title=&#8221;owner&#8221; _builder_version=&#8221;4.16&#8243; custom_css_before=&#8221;||&#8221; global_colors_info=&#8221;{}&#8221;]<\/p>\n<p>At this exhibition, we introduced the name, image and logo of Stancforma Kft. to representatives of the industry. Perhaps it would be worth talking a little more about the meaning of our unique logo: the three pillars represent the three family members, and at the same time form an \u00bbM\u00ab letter, which refers to the Majer family name, i.e. the family business. At the same time, it also has a professional meaning \u2013 a piece of l\u00e9nia, on which two bridges are cut, with nose cuts at both ends of the l\u00e9nia piece. The exhibition was a success, as evidenced by the fact that we returned as exhibitors several times.<\/p>\n<p>[\/et_pb_testimonial][\/et_pb_column][et_pb_column type=&#8221;1_4&#8243; _builder_version=&#8221;4.16&#8243; custom_padding=&#8221;|||&#8221; global_colors_info=&#8221;{}&#8221; custom_padding__hover=&#8221;|||&#8221;][et_pb_image src=&#8221;http:\/\/stancforma.hu\/wp-content\/uploads\/2020\/08\/majerne_deak_gyongyi_232x309px.jpg&#8221; alt=&#8221;Majern\u00e9 De\u00e1k Gy\u00f6ngyi \u00fcgyvezet\u0151 igazgat\u00f3&#8221; title_text=&#8221;Majern\u00e9 De\u00e1k Gy\u00f6ngyi \u00fcgyvezet\u0151 igazgat\u00f3&#8221; align_tablet=&#8221;center&#8221; align_phone=&#8221;&#8221; align_last_edited=&#8221;on|desktop&#8221; _builder_version=&#8221;4.16&#8243; animation_style=&#8221;fade&#8221; global_colors_info=&#8221;{}&#8221;][\/et_pb_image][\/et_pb_column][\/et_pb_row][et_pb_row column_structure=&#8221;1_4,3_4&#8243; _builder_version=&#8221;4.16&#8243; background_size=&#8221;initial&#8221; background_position=&#8221;top_left&#8221; background_repeat=&#8221;repeat&#8221; global_colors_info=&#8221;{}&#8221;][et_pb_column type=&#8221;1_4&#8243; _builder_version=&#8221;4.16&#8243; custom_padding=&#8221;|||&#8221; global_colors_info=&#8221;{}&#8221; custom_padding__hover=&#8221;|||&#8221;][et_pb_image src=&#8221;http:\/\/stancforma.hu\/wp-content\/uploads\/2018\/11\/horvath_janos_310x415px-224&#215;300.jpg&#8221; alt=&#8221;Horv\u00e1th J\u00e1nos tervez\u0151, \u00fcgyf\u00e9lkapcsolatok&#8221; title_text=&#8221;Horv\u00e1th J\u00e1nos tervez\u0151, \u00fcgyf\u00e9lkapcsolatok&#8221; align=&#8221;right&#8221; align_tablet=&#8221;center&#8221; align_phone=&#8221;&#8221; align_last_edited=&#8221;on|desktop&#8221; _builder_version=&#8221;4.16&#8243; animation_style=&#8221;fade&#8221; global_colors_info=&#8221;{}&#8221;][\/et_pb_image][\/et_pb_column][et_pb_column type=&#8221;3_4&#8243; _builder_version=&#8221;4.16&#8243; custom_padding=&#8221;|||&#8221; global_colors_info=&#8221;{}&#8221; custom_padding__hover=&#8221;|||&#8221;][et_pb_testimonial author=&#8221;J\u00e1nos Horv\u00e1th&#8221; job_title=&#8221;designer&#8221; _builder_version=&#8221;4.16&#8243; animation_style=&#8221;fade&#8221; global_colors_info=&#8221;{}&#8221;]<\/p>\n<p>I joined the company in June 2001 as the first non-family designer.<\/p>\n<p>On my first day of work, we traveled to Brno with the executives, where I interpreted in a profession that was previously unknown to me regarding the operation of a milling machine.<\/p>\n<p>The translation was probably successful, because we have been using the machine for fourteen years now, and since then we have managed to get to know it inside and out.<\/p>\n<p>[\/et_pb_testimonial][\/et_pb_column][\/et_pb_row][\/et_pb_section]<\/p>\n","protected":false},"excerpt":{"rendered":"<p>&nbsp; 2001 &nbsp; -founding of the STANCFORMA LTD -first exhibition at BUDATRANSPACK2001 This year, Stancforma Kft. was established, which has operated under the same name ever since. Another significant event of the year was our first representation at the most prestigious domestic exhibition of the packaging industry and logistics, Budatranspack.At this exhibition, we introduced the [&hellip;]<\/p>\n","protected":false},"author":1,"featured_media":0,"comment_status":"open","ping_status":"open","sticky":false,"template":"","format":"standard","meta":{"_et_pb_use_builder":"on","_et_pb_old_content":"","_et_gb_content_width":"","footnotes":""},"categories":[28],"tags":[],"class_list":["post-710","post","type-post","status-publish","format-standard","hentry","category-our-history"],"_links":{"self":[{"href":"https:\/\/stancforma.hu\/index.php?rest_route=\/wp\/v2\/posts\/710","targetHints":{"allow":["GET"]}}],"collection":[{"href":"https:\/\/stancforma.hu\/index.php?rest_route=\/wp\/v2\/posts"}],"about":[{"href":"https:\/\/stancforma.hu\/index.php?rest_route=\/wp\/v2\/types\/post"}],"author":[{"embeddable":true,"href":"https:\/\/stancforma.hu\/index.php?rest_route=\/wp\/v2\/users\/1"}],"replies":[{"embeddable":true,"href":"https:\/\/stancforma.hu\/index.php?rest_route=%2Fwp%2Fv2%2Fcomments&post=710"}],"version-history":[{"count":13,"href":"https:\/\/stancforma.hu\/index.php?rest_route=\/wp\/v2\/posts\/710\/revisions"}],"predecessor-version":[{"id":2902,"href":"https:\/\/stancforma.hu\/index.php?rest_route=\/wp\/v2\/posts\/710\/revisions\/2902"}],"wp:attachment":[{"href":"https:\/\/stancforma.hu\/index.php?rest_route=%2Fwp%2Fv2%2Fmedia&parent=710"}],"wp:term":[{"taxonomy":"category","embeddable":true,"href":"https:\/\/stancforma.hu\/index.php?rest_route=%2Fwp%2Fv2%2Fcategories&post=710"},{"taxonomy":"post_tag","embeddable":true,"href":"https:\/\/stancforma.hu\/index.php?rest_route=%2Fwp%2Fv2%2Ftags&post=710"}],"curies":[{"name":"wp","href":"https:\/\/api.w.org\/{rel}","templated":true}]}}